{"id":32949,"date":"2025-07-29T17:13:37","date_gmt":"2025-07-29T17:13:37","guid":{"rendered":"https:\/\/wbowe.com\/2025\/07\/29\/la-crise-de-lemploi-les-manifestations-de-1971-stop-au-gouvernement\/"},"modified":"2026-02-09T19:05:20","modified_gmt":"2026-02-09T19:05:20","slug":"la-crise-de-lemploi-les-manifestations-de-1971-stop-au-gouvernement","status":"publish","type":"post","link":"https:\/\/wbowe.com\/fr\/2025\/07\/29\/la-crise-de-lemploi-les-manifestations-de-1971-stop-au-gouvernement\/","title":{"rendered":"La crise de l&#8217;emploi &#8211; Les manifestations de 1971 \u00ab\u00a0Stop au gouvernement\u00a0\u00bb."},"content":{"rendered":"<p><div class=\"fusion-fullwidth fullwidth-box fusion-builder-row-1 fusion-flex-container has-pattern-background has-mask-background nonhundred-percent-fullwidth non-hundred-percent-height-scrolling\" style=\"--awb-border-radius-top-left:0px;--awb-border-radius-top-right:0px;--awb-border-radius-bottom-right:0px;--awb-border-radius-bottom-left:0px;--awb-flex-wrap:wrap;\" ><div class=\"fusion-builder-row fusion-row fusion-flex-align-items-flex-start fusion-flex-content-wrap\" style=\"max-width:1372.8px;margin-left: calc(-4% \/ 2 );margin-right: calc(-4% \/ 2 );\"><div class=\"fusion-layout-column fusion_builder_column fusion-builder-column-0 fusion_builder_column_1_1 1_1 fusion-flex-column\" style=\"--awb-bg-size:cover;--awb-width-large:100%;--awb-margin-top-large:0px;--awb-spacing-right-large:1.92%;--awb-margin-bottom-large:20px;--awb-spacing-left-large:1.92%;--awb-width-medium:100%;--awb-order-medium:0;--awb-spacing-right-medium:1.92%;--awb-spacing-left-medium:1.92%;--awb-width-small:100%;--awb-order-small:0;--awb-spacing-right-small:1.92%;--awb-spacing-left-small:1.92%;\" data-scroll-devices=\"small-visibility,medium-visibility,large-visibility\"><div class=\"fusion-column-wrapper fusion-column-has-shadow fusion-flex-justify-content-flex-start fusion-content-layout-column\"><div style=\"text-align:right;\"><a class=\"fusion-button button-flat button-small button-custom fusion-button-default button-1 fusion-button-default-span fusion-button-default-type\" style=\"--button_accent_color:#ffffff;--button_accent_hover_color:#105378;--button_border_hover_color:#ffffff;--button_gradient_top_color:#105378;--button_gradient_bottom_color:#105378;--button_gradient_top_color_hover:rgba(255,255,255,0.55);--button_gradient_bottom_color_hover:rgba(255,255,255,0.55);\" target=\"_self\" href=\"https:\/\/wbowe.com\/2025\/07\/29\/1974-congressional-hearings-on-military-surveillance\/\"><span class=\"fusion-button-text awb-button__text awb-button__text--default\">Suivant<\/span><i class=\"fa-angle-double-right fas awb-button__icon awb-button__icon--default button-icon-right\" aria-hidden=\"true\"><\/i><\/a><\/div><div class=\"fusion-image-element \" style=\"text-align:center;--awb-caption-title-font-family:var(--h2_typography-font-family);--awb-caption-title-font-weight:var(--h2_typography-font-weight);--awb-caption-title-font-style:var(--h2_typography-font-style);--awb-caption-title-size:var(--h2_typography-font-size);--awb-caption-title-transform:var(--h2_typography-text-transform);--awb-caption-title-line-height:var(--h2_typography-line-height);--awb-caption-title-letter-spacing:var(--h2_typography-letter-spacing);\"><span class=\" fusion-imageframe imageframe-none imageframe-1 hover-type-none\"><img decoding=\"async\" width=\"634\" height=\"459\" alt=\"1971 Un h\u00e9licopt\u00e8re d\u00e9pose des troupes au Washington Monument lors de la manifestation anti-guerre &quot;Stop the Government&quot;.\" title=\"M Helicopter copy\" src=\"https:\/\/wbowe.com\/wp-content\/uploads\/2022\/03\/M-Helicopter-copy.jpg\" class=\"img-responsive wp-image-21819\" srcset=\"https:\/\/wbowe.com\/wp-content\/uploads\/2022\/03\/M-Helicopter-copy-200x145.jpg 200w, https:\/\/wbowe.com\/wp-content\/uploads\/2022\/03\/M-Helicopter-copy-400x290.jpg 400w, https:\/\/wbowe.com\/wp-content\/uploads\/2022\/03\/M-Helicopter-copy-600x434.jpg 600w, https:\/\/wbowe.com\/wp-content\/uploads\/2022\/03\/M-Helicopter-copy.jpg 634w\" sizes=\"(max-width: 1170px) 100vw, (max-width: 640px) 100vw, 634px\" \/><\/span><\/div><div class=\"fusion-text fusion-text-1\"><h2 style=\"text-align: center;\"><strong>Raccourcir &#8211; La manifestation \u00ab\u00a0Stop the Government\u00a0\u00bb de 1971<\/strong><\/h2>\n<\/div><div class=\"fusion-separator fusion-full-width-sep\" style=\"align-self: center;margin-left: auto;margin-right: auto;margin-top:40px;margin-bottom:40px;width:100%;max-width:100%;\"><div class=\"fusion-separator-border sep-double sep-dotted\" style=\"--awb-height:20px;--awb-amount:20px;--awb-sep-color:#005b8c;border-color:#005b8c;border-top-width:1px;border-bottom-width:1px;\"><\/div><\/div><\/div><\/div><\/div><\/div><div class=\"fusion-fullwidth fullwidth-box fusion-builder-row-2 fusion-flex-container has-pattern-background has-mask-background nonhundred-percent-fullwidth non-hundred-percent-height-scrolling\" style=\"--awb-border-radius-top-left:0px;--awb-border-radius-top-right:0px;--awb-border-radius-bottom-right:0px;--awb-border-radius-bottom-left:0px;--awb-flex-wrap:wrap;\" ><div class=\"fusion-builder-row fusion-row fusion-flex-align-items-flex-start fusion-flex-content-wrap\" style=\"max-width:1372.8px;margin-left: calc(-4% \/ 2 );margin-right: calc(-4% \/ 2 );\"><div class=\"fusion-layout-column fusion_builder_column fusion-builder-column-1 fusion_builder_column_1_1 1_1 fusion-flex-column\" style=\"--awb-bg-size:cover;--awb-width-large:100%;--awb-margin-top-large:20px;--awb-spacing-right-large:1.92%;--awb-margin-bottom-large:20px;--awb-spacing-left-large:1.92%;--awb-width-medium:100%;--awb-order-medium:0;--awb-spacing-right-medium:1.92%;--awb-spacing-left-medium:1.92%;--awb-width-small:100%;--awb-order-small:0;--awb-spacing-right-small:1.92%;--awb-spacing-left-small:1.92%;\"><div class=\"fusion-column-wrapper fusion-column-has-shadow fusion-flex-justify-content-flex-start fusion-content-layout-column\"><div class=\"fusion-text fusion-text-2 awb-text-cols fusion-text-columns-2\" style=\"--awb-columns:2;--awb-column-spacing:2em;--awb-column-min-width:100px;\"><p><div id=\"attachment_21819\" style=\"width: 310px\" class=\"wp-caption alignleft\"><img decoding=\"async\" aria-describedby=\"caption-attachment-21819\" class=\"wp-image-16862 size-medium\" src=\"https:\/\/wbowe.com\/wp-content\/uploads\/2022\/03\/M-Helicopter-copy-300x217.jpg\" alt=\"1971 Un h\u00e9licopt\u00e8re d\u00e9pose des troupes au Washington Monument lors de l'\u00e9lection pr\u00e9sidentielle.  \" width=\"300\" height=\"217\" srcset=\"https:\/\/wbowe.com\/wp-content\/uploads\/2022\/03\/M-Helicopter-copy-200x145.jpg 200w, https:\/\/wbowe.com\/wp-content\/uploads\/2022\/03\/M-Helicopter-copy-300x217.jpg 300w, https:\/\/wbowe.com\/wp-content\/uploads\/2022\/03\/M-Helicopter-copy-400x290.jpg 400w, https:\/\/wbowe.com\/wp-content\/uploads\/2022\/03\/M-Helicopter-copy-600x434.jpg 600w, https:\/\/wbowe.com\/wp-content\/uploads\/2022\/03\/M-Helicopter-copy.jpg 634w\" sizes=\"(max-width: 300px) 100vw, 300px\" \/><p id=\"caption-attachment-21819\" class=\"wp-caption-text\">1971 Un h\u00e9licopt\u00e8re d\u00e9barque des troupes au Washington Monument lors de la manifestation anti-guerre du 1er mai \u00ab\u00a0Stop the Government\u00a0\u00bb.<\/p><\/div>\n<span class=\"fusion-dropcap dropcap\">M<\/span>Mon engagement de trois ans arrivait \u00e0 son terme au printemps 1971, et mon dernier jour de service actif \u00e9tait le 12 mai. Dans le jargon de l&rsquo;arm\u00e9e, je \u00ab\u00a0devenais petit\u00a0\u00bb.<\/p>\n<div id=\"attachment_32601\" style=\"width: 248px\" class=\"wp-caption alignright\"><img decoding=\"async\" aria-describedby=\"caption-attachment-32601\" class=\"wp-image-32600 size-medium\" src=\"https:\/\/wbowe.com\/wp-content\/uploads\/2025\/07\/SDS-Leaders-Wanted-by-the-FBI-238x300.jpg\" alt=\"Bernardine Dohrn, Bill Ayers et d'autres dirigeants du SDS recherch\u00e9s par le FBI\" width=\"238\" height=\"300\" srcset=\"https:\/\/wbowe.com\/wp-content\/uploads\/2025\/07\/SDS-Leaders-Wanted-by-the-FBI-200x252.jpg 200w, https:\/\/wbowe.com\/wp-content\/uploads\/2025\/07\/SDS-Leaders-Wanted-by-the-FBI-238x300.jpg 238w, https:\/\/wbowe.com\/wp-content\/uploads\/2025\/07\/SDS-Leaders-Wanted-by-the-FBI-400x504.jpg 400w, https:\/\/wbowe.com\/wp-content\/uploads\/2025\/07\/SDS-Leaders-Wanted-by-the-FBI.jpg 496w\" sizes=\"(max-width: 238px) 100vw, 238px\" \/><p id=\"caption-attachment-32601\" class=\"wp-caption-text\">Bernardine Dohrn, Bill Ayers et d&rsquo;autres dirigeants du SDS recherch\u00e9s par le FBI<\/p><\/div>\n<p>Compte tenu de l&rsquo;\u00e9poque \u00e0 Washington, je voulais aussi partir en fanfare, pas en pleurnichant. La violente faction Weather Underground du mouvement radical Students for a Democratic Society \u00e9tait alors publiquement dirig\u00e9e par <a href=\"https:\/\/wbowe.com\/fr\/2022\/05\/02\/bernardine-dohrn-john-ashcroft-regardent-en-arriere\/\" target=\"_blank\" rel=\"noopener\">Bernardine Dohrn<\/a>, mon ancienne camarade de classe de la facult\u00e9 de droit de l&rsquo;universit\u00e9 de Chicago.<\/p>\n<p>Cette faction du SDS s&rsquo;est attribu\u00e9e le m\u00e9rite d&rsquo;avoir fait exploser une bombe au petit matin du 1er mars sous la salle du S\u00e9nat am\u00e9ricain du Capitole. L&rsquo;attentat avait \u00e9t\u00e9 pr\u00e9c\u00e9d\u00e9 d&rsquo;un appel t\u00e9l\u00e9phonique anonyme \u00e0 l&rsquo;op\u00e9rateur t\u00e9l\u00e9phonique du Capitole disant : \u00ab\u00a0\u00c9vacuez le b\u00e2timent imm\u00e9diatement. Ceci est en repr\u00e9sailles de la d\u00e9cision sur le Laos.\u00a0\u00bb<\/p>\n<p><div id=\"attachment_32605\" style=\"width: 284px\" class=\"wp-caption alignleft\"><img decoding=\"async\" aria-describedby=\"caption-attachment-32605\" class=\"wp-image-32604 \" src=\"https:\/\/wbowe.com\/wp-content\/uploads\/2025\/07\/Bomb-Rocks-the-Capital-Chicago-Tribune-1-300x251.jpg\" alt=\"Une bombe fait trembler la capitale - Chicago Tribune\" width=\"274\" height=\"229\" srcset=\"https:\/\/wbowe.com\/wp-content\/uploads\/2025\/07\/Bomb-Rocks-the-Capital-Chicago-Tribune-1-200x167.jpg 200w, https:\/\/wbowe.com\/wp-content\/uploads\/2025\/07\/Bomb-Rocks-the-Capital-Chicago-Tribune-1-300x251.jpg 300w, https:\/\/wbowe.com\/wp-content\/uploads\/2025\/07\/Bomb-Rocks-the-Capital-Chicago-Tribune-1-400x335.jpg 400w, https:\/\/wbowe.com\/wp-content\/uploads\/2025\/07\/Bomb-Rocks-the-Capital-Chicago-Tribune-1-600x502.jpg 600w, https:\/\/wbowe.com\/wp-content\/uploads\/2025\/07\/Bomb-Rocks-the-Capital-Chicago-Tribune-1-768x643.jpg 768w, https:\/\/wbowe.com\/wp-content\/uploads\/2025\/07\/Bomb-Rocks-the-Capital-Chicago-Tribune-1-800x670.jpg 800w, https:\/\/wbowe.com\/wp-content\/uploads\/2025\/07\/Bomb-Rocks-the-Capital-Chicago-Tribune-1-1024x858.jpg 1024w, https:\/\/wbowe.com\/wp-content\/uploads\/2025\/07\/Bomb-Rocks-the-Capital-Chicago-Tribune-1.jpg 1175w\" sizes=\"(max-width: 274px) 100vw, 274px\" \/><p id=\"caption-attachment-32605\" class=\"wp-caption-text\">Une bombe fait trembler la capitale &#8211; Chicago Tribune<\/p><\/div>\n<div id=\"attachment_32603\" style=\"width: 299px\" class=\"wp-caption alignleft\"><img decoding=\"async\" aria-describedby=\"caption-attachment-32603\" class=\"wp-image-32602 \" src=\"https:\/\/wbowe.com\/wp-content\/uploads\/2025\/07\/1971-Capitol-Bomb-debris-being-cleared-300x262.jpg\" alt=\"D\u00e9blaiement des d\u00e9bris de la bombe du Capitole\" width=\"289\" height=\"252\" srcset=\"https:\/\/wbowe.com\/wp-content\/uploads\/2025\/07\/1971-Capitol-Bomb-debris-being-cleared-200x175.jpg 200w, https:\/\/wbowe.com\/wp-content\/uploads\/2025\/07\/1971-Capitol-Bomb-debris-being-cleared-300x262.jpg 300w, https:\/\/wbowe.com\/wp-content\/uploads\/2025\/07\/1971-Capitol-Bomb-debris-being-cleared-400x349.jpg 400w, https:\/\/wbowe.com\/wp-content\/uploads\/2025\/07\/1971-Capitol-Bomb-debris-being-cleared-600x524.jpg 600w, https:\/\/wbowe.com\/wp-content\/uploads\/2025\/07\/1971-Capitol-Bomb-debris-being-cleared.jpg 660w\" sizes=\"(max-width: 289px) 100vw, 289px\" \/><p id=\"caption-attachment-32603\" class=\"wp-caption-text\">Les d\u00e9bris de la bombe du Capitole sont en train d&rsquo;\u00eatre d\u00e9blay\u00e9s<\/p><\/div><\/p>\n<p>Le mois suivant, des milliers de v\u00e9t\u00e9rans du Vi\u00eat Nam contre la guerre ont afflu\u00e9 dans la ville pour jeter leurs m\u00e9dailles sur les marches du Capitole. John Kerry, qui deviendra plus tard le candidat d\u00e9mocrate \u00e0 la pr\u00e9sidence en 2004, s&rsquo;est exprim\u00e9 en leur nom lors de son t\u00e9moignage devant la commission s\u00e9natoriale des affaires \u00e9trang\u00e8res le 24 avril 1971. Kerry a d\u00e9clar\u00e9 : \u00ab\u00a0Le pays ne le sait pas encore, mais il a cr\u00e9\u00e9 un monstre, un monstre sous la forme de millions d&rsquo;hommes \u00e0 qui l&rsquo;on a appris \u00e0 n\u00e9gocier et \u00e0 faire commerce de la violence, et \u00e0 qui l&rsquo;on a donn\u00e9 la chance de mourir pour le plus grand rien de l&rsquo;histoire ; des hommes qui sont revenus avec un sentiment de col\u00e8re et de trahison que personne n&rsquo;a encore saisi.\u00a0\u00bb  <\/p>\n<p>Selon le <em>Washington Post<\/em>, plus de 175 000 manifestants \u00e9taient pr\u00e9sents devant le Capitole ce jour-l\u00e0. Plusieurs milliers de v\u00e9t\u00e9rans sont rest\u00e9s et ont camp\u00e9 dans des tentes sur le Mall, rappelant ainsi le camp de la Bonus Army sur Anacostia Flats pendant la Grande D\u00e9pression. <\/p>\n<div id=\"attachment_32611\" style=\"width: 206px\" class=\"wp-caption alignright\"><img decoding=\"async\" aria-describedby=\"caption-attachment-32611\" class=\"wp-image-32610 size-medium\" src=\"https:\/\/wbowe.com\/wp-content\/uploads\/2025\/07\/May-Day-rally-poster-196x300.jpg\" alt=\"Affiche du rassemblement Stop the Government\" width=\"196\" height=\"300\" srcset=\"https:\/\/wbowe.com\/wp-content\/uploads\/2025\/07\/May-Day-rally-poster-196x300.jpg 196w, https:\/\/wbowe.com\/wp-content\/uploads\/2025\/07\/May-Day-rally-poster-200x307.jpg 200w, https:\/\/wbowe.com\/wp-content\/uploads\/2025\/07\/May-Day-rally-poster-400x614.jpg 400w, https:\/\/wbowe.com\/wp-content\/uploads\/2025\/07\/May-Day-rally-poster-600x921.jpg 600w, https:\/\/wbowe.com\/wp-content\/uploads\/2025\/07\/May-Day-rally-poster-667x1024.jpg 667w, https:\/\/wbowe.com\/wp-content\/uploads\/2025\/07\/May-Day-rally-poster-768x1178.jpg 768w, https:\/\/wbowe.com\/wp-content\/uploads\/2025\/07\/May-Day-rally-poster-800x1228.jpg 800w, https:\/\/wbowe.com\/wp-content\/uploads\/2025\/07\/May-Day-rally-poster-1001x1536.jpg 1001w, https:\/\/wbowe.com\/wp-content\/uploads\/2025\/07\/May-Day-rally-poster.jpg 1160w\" sizes=\"(max-width: 196px) 100vw, 196px\" \/><p id=\"caption-attachment-32611\" class=\"wp-caption-text\">\u00ab\u00a0Affiche du rassemblement \u00ab\u00a0Stop au gouvernement<\/p><\/div>\n<p>Les groupes militants pr\u00e9voyaient depuis longtemps de faire en sorte que la foule du 1er mai soit suffisamment nombreuse pour perturber fondamentalement le fonctionnement normal du gouvernement. Le slogan de l&rsquo;organisation \u00e9tait : \u00ab\u00a0Si le gouvernement n&rsquo;arr\u00eate pas la guerre, nous arr\u00eaterons le gouvernement\u00a0\u00bb.<\/p>\n<div id=\"attachment_32607\" style=\"width: 310px\" class=\"wp-caption alignleft\"><img decoding=\"async\" aria-describedby=\"caption-attachment-32607\" class=\"wp-image-32606 size-medium\" src=\"https:\/\/wbowe.com\/wp-content\/uploads\/2025\/07\/May-Day-crowd-by-Capitol-300x235.jpg\" alt=\"Manifestants au Capitole\" width=\"300\" height=\"235\" srcset=\"https:\/\/wbowe.com\/wp-content\/uploads\/2025\/07\/May-Day-crowd-by-Capitol-200x157.jpg 200w, https:\/\/wbowe.com\/wp-content\/uploads\/2025\/07\/May-Day-crowd-by-Capitol-300x235.jpg 300w, https:\/\/wbowe.com\/wp-content\/uploads\/2025\/07\/May-Day-crowd-by-Capitol-400x313.jpg 400w, https:\/\/wbowe.com\/wp-content\/uploads\/2025\/07\/May-Day-crowd-by-Capitol.jpg 480w\" sizes=\"(max-width: 300px) 100vw, 300px\" \/><p id=\"caption-attachment-32607\" class=\"wp-caption-text\">Manifestants au Capitole<\/p><\/div>\n<p>L&rsquo;objectif des manifestations du 1er mai \u00e9tait de bloquer le p\u00e9riph\u00e9rique autour de la capitale avec des v\u00e9hicules abandonn\u00e9s et d&#8217;emp\u00eacher les travailleurs gouvernementaux de se rendre dans le district. En outre, 21 intersections principales du district ont \u00e9t\u00e9 s\u00e9lectionn\u00e9es comme des cibles de grande valeur pour les blocages de trafic. Des plans d\u00e9taill\u00e9s visant \u00e0 barricader l&rsquo;acc\u00e8s normal aux b\u00e2timents gouvernementaux avaient \u00e9galement \u00e9t\u00e9 \u00e9labor\u00e9s et largement diffus\u00e9s. Le maire et la police du district de Columbia n&rsquo;ont pas \u00e9t\u00e9 amus\u00e9s et ont r\u00e9voqu\u00e9 les permis pr\u00e9c\u00e9demment d\u00e9livr\u00e9s.<\/p>\n<p>Des milliers de manifestants ont commenc\u00e9 \u00e0 arriver dans le district \u00e0 la fin du mois d&rsquo;avril, et plus de 45 000 d&rsquo;entre eux se sont install\u00e9s dans le parc West Potomac, non loin du Mall. Comme pour les v\u00e9t\u00e9rans qui campaient auparavant, des feux de joie ont illumin\u00e9 la nuit, avec de la marijuana, de l&rsquo;acide et d&rsquo;autres drogues qui ont contribu\u00e9 \u00e0 cr\u00e9er l&rsquo;ambiance. <\/p>\n<p>Les manifestations ont commenc\u00e9 le 1er mai et se sont poursuivies quotidiennement par la suite. En temps voulu, des milliers de manifestants sont finalement descendus dans la rue le matin du lundi 3 mai, avec l&rsquo;intention de fermer le gouvernement du mieux qu&rsquo;ils pouvaient. Comme l&rsquo;a rapport\u00e9 le <em>New York Times <\/em>le 4 mai : <\/p>\n<p><em>Les manifestants &#8230; ont r\u00e9ussi \u00e0 perturber le fonctionnement normal de la ville en entravant la circulation et en harcelant les fonctionnaires qui se rendaient \u00e0 leur travail, en utilisant comme armes des d\u00e9chets, des branches d&rsquo;arbres, des pierres, des bouteilles, des briques, du bois, des clous, des pneus, des poubelles et des voitures en stationnement. &#8230; Au plus fort des troubles, les vapeurs de gaz lacrymog\u00e8ne emplissaient l&rsquo;air au-dessus des monuments, des rues et des parcs fleuris les plus c\u00e9l\u00e8bres de la ville. Des poubelles, des d\u00e9chets, des voitures abandonn\u00e9es et d&rsquo;autres obstacles jonchaient certaines art\u00e8res principales.  <\/em><\/p>\n<p><img decoding=\"async\" class=\"size-medium wp-image-32608 alignright\" src=\"https:\/\/wbowe.com\/wp-content\/uploads\/2025\/07\/May-Day-fist-poster-240x300.jpg\" alt=\"\" width=\"240\" height=\"300\" srcset=\"https:\/\/wbowe.com\/wp-content\/uploads\/2025\/07\/May-Day-fist-poster-200x250.jpg 200w, https:\/\/wbowe.com\/wp-content\/uploads\/2025\/07\/May-Day-fist-poster-240x300.jpg 240w, https:\/\/wbowe.com\/wp-content\/uploads\/2025\/07\/May-Day-fist-poster-400x500.jpg 400w, https:\/\/wbowe.com\/wp-content\/uploads\/2025\/07\/May-Day-fist-poster.jpg 530w\" sizes=\"(max-width: 240px) 100vw, 240px\" \/><\/p>\n<p>Pendant toute cette agitation, je travaillais de longues heures \u00e0 l&rsquo;AOC. Lorsque je n&rsquo;\u00e9tais pas dans la cabine de briefing en verre, j&rsquo;\u00e9valuais les tactiques tr\u00e8s publiques que les organisateurs de la manifestation diffusaient largement dans leurs brochures et publications. Je m&rsquo;effor\u00e7ais en particulier d&rsquo;\u00e9valuer le nombre de manifestants arrivant \u00e0 Washington. Les chiffres de mes estimations ne cessaient d&rsquo;augmenter. Le nombre de bus entrant dans le district par l&rsquo;Interstate 95 \u00e9tait d&rsquo;une ampleur que personne n&rsquo;avait jamais vue auparavant.    <\/p>\n<p>Le moment surr\u00e9aliste que j&rsquo;ai v\u00e9cu dans le COA s&rsquo;est produit lorsque j&rsquo;ai regard\u00e9 la couverture t\u00e9l\u00e9vis\u00e9e locale sur les \u00e9crans du COA. \u00c0 un moment donn\u00e9, sur l&rsquo;Ellipse pr\u00e8s du Washington Monument, plusieurs h\u00e9licopt\u00e8res ont atterri et un petit nombre de soldats ont d\u00e9barqu\u00e9. <\/p>\n<p>Il semble qu&rsquo;ils n&rsquo;aient rien \u00e0 y faire, comme leurs commandants ont fini par s&rsquo;en rendre compte. Pour moi et pour tout le monde, les h\u00e9licopt\u00e8res d\u00e9gorgeant les troupes avaient \u00e9t\u00e9 un \u00e9l\u00e9ment constant des journaux t\u00e9l\u00e9vis\u00e9s du soir au cours des ann\u00e9es pr\u00e9c\u00e9dentes. Mais toutes ces sc\u00e8nes s&rsquo;\u00e9taient d\u00e9roul\u00e9es au Vi\u00eat Nam, et non dans la capitale du pays. To see the same thing underway with the Washington Monument as the backdrop was not only bizarre, but also seemed to be militarily unnecessary. Lorsque les soldats sont arriv\u00e9s sur le terrain cette fois-ci, et qu&rsquo;il n&rsquo;y avait rien \u00e0 faire, ils ont \u00e9t\u00e9 \u00e9vacu\u00e9s en bon ordre et ont \u00e9t\u00e9 vus pour la derni\u00e8re fois en train de remonter l&rsquo;avenue de la Constitution en direction du Capitole. Il est possible qu&rsquo;ils aient fini dans la cour du minist\u00e8re de la Justice, o\u00f9 d&rsquo;autres troupes se trouvaient \u00e0 l&rsquo;abri des regards, mais en r\u00e9serve.     <\/p>\n<p>L&rsquo;ensemble du spectacle m&rsquo;a fait penser \u00e0 la bande dessin\u00e9e populaire de Walt Kelly de l&rsquo;\u00e9poque, dans laquelle son personnage des marais, Pogo, disait : \u00ab\u00a0Nous avons rencontr\u00e9 l&rsquo;ennemi, et c&rsquo;est nous\u00a0\u00bb. Cette phrase, qui se voulait \u00e0 l&rsquo;origine un commentaire sur la sensibilisation \u00e0 l&rsquo;environnement apr\u00e8s les premiers rassemblements de la Journ\u00e9e de la Terre l&rsquo;ann\u00e9e pr\u00e9c\u00e9dente, semblait tout aussi adapt\u00e9e aux conflits qui secouaient l&rsquo;Am\u00e9rique un an plus tard.  \u00c0 la fin de la journ\u00e9e, 12 000 soldats f\u00e9d\u00e9raux avaient \u00e9t\u00e9 stationn\u00e9s dans la cour int\u00e9rieure du Pentagone et dans d&rsquo;autres points strat\u00e9giques du district. Il s&rsquo;agissait de sites \u00e0 partir desquels ils pouvaient \u00eatre facilement d\u00e9ploy\u00e9s vers des points chauds si n\u00e9cessaire. Les lignes de front n&rsquo;ont pas \u00e9t\u00e9 tenues par l&rsquo;arm\u00e9e r\u00e9guli\u00e8re ou les marines, mais par 5 100 policiers du district et 1 500 gardes nationaux. Le New York Times avait estim\u00e9 la foule des manifestants arr\u00eat\u00e9s entre 12 000 et 15 000 personnes. Environ 7 000 d&rsquo;entre elles ont \u00e9t\u00e9 arr\u00eat\u00e9es le 3 mai, et environ 5 000 autres dans les jours qui ont pr\u00e9c\u00e9d\u00e9 et suivi.  <\/p>\n<div id=\"attachment_32615\" style=\"width: 310px\" class=\"wp-caption alignleft\"><img decoding=\"async\" aria-describedby=\"caption-attachment-32615\" class=\"size-medium wp-image-32614\" src=\"https:\/\/wbowe.com\/wp-content\/uploads\/2025\/07\/Washington-Monument-demonstration-protest-300x243.jpg\" alt=\"Des milliers de manifestants anti-guerre pr\u00e8s du Washington Monument  \" width=\"300\" height=\"243\" srcset=\"https:\/\/wbowe.com\/wp-content\/uploads\/2025\/07\/Washington-Monument-demonstration-protest-177x142.jpg 177w, https:\/\/wbowe.com\/wp-content\/uploads\/2025\/07\/Washington-Monument-demonstration-protest-200x162.jpg 200w, https:\/\/wbowe.com\/wp-content\/uploads\/2025\/07\/Washington-Monument-demonstration-protest-300x243.jpg 300w, https:\/\/wbowe.com\/wp-content\/uploads\/2025\/07\/Washington-Monument-demonstration-protest-400x324.jpg 400w, https:\/\/wbowe.com\/wp-content\/uploads\/2025\/07\/Washington-Monument-demonstration-protest-600x486.jpg 600w, https:\/\/wbowe.com\/wp-content\/uploads\/2025\/07\/Washington-Monument-demonstration-protest-768x622.jpg 768w, https:\/\/wbowe.com\/wp-content\/uploads\/2025\/07\/Washington-Monument-demonstration-protest-800x648.jpg 800w, https:\/\/wbowe.com\/wp-content\/uploads\/2025\/07\/Washington-Monument-demonstration-protest-1024x829.jpg 1024w, https:\/\/wbowe.com\/wp-content\/uploads\/2025\/07\/Washington-Monument-demonstration-protest-1200x972.jpg 1200w, https:\/\/wbowe.com\/wp-content\/uploads\/2025\/07\/Washington-Monument-demonstration-protest-1536x1244.jpg 1536w\" sizes=\"(max-width: 300px) 100vw, 300px\" \/><p id=\"caption-attachment-32615\" class=\"wp-caption-text\">Des milliers de manifestants anti-guerre pr\u00e8s du Washington Monument<\/p><\/div>\n<p>Lorsque le 3 mai 1971 s&rsquo;est finalement termin\u00e9 pour moi et que je suis rentr\u00e9 chez moi, dans mon appartement du quartier de Capitol Hill, j&rsquo;ai quitt\u00e9 l&rsquo;AOC et j&rsquo;ai grimp\u00e9 les escaliers jusqu&rsquo;au rez-de-chauss\u00e9e. Pour rejoindre ma voiture gar\u00e9e de l&rsquo;autre c\u00f4t\u00e9 du Pentagone, j&rsquo;ai pris mon raccourci habituel \u00e0 travers la cour int\u00e9rieure du b\u00e2timent. En traversant la grande cour, j&rsquo;ai vu pour la premi\u00e8re fois que des troupes de l&rsquo;arm\u00e9e de terre y \u00e9taient \u00e9galement gard\u00e9es en r\u00e9serve.  <\/p>\n<p>Lorsque je suis arriv\u00e9 de l&rsquo;autre c\u00f4t\u00e9 de la cour, j&rsquo;ai remarqu\u00e9 que j&rsquo;avais quelques larmes dans les yeux.<\/p>\n<p><img decoding=\"async\" class=\"size-medium wp-image-32612 alignright\" src=\"https:\/\/wbowe.com\/wp-content\/uploads\/2025\/07\/May-Day-targets-map-226x300.jpg\" alt=\"\" width=\"226\" height=\"300\" srcset=\"https:\/\/wbowe.com\/wp-content\/uploads\/2025\/07\/May-Day-targets-map-200x265.jpg 200w, https:\/\/wbowe.com\/wp-content\/uploads\/2025\/07\/May-Day-targets-map-226x300.jpg 226w, https:\/\/wbowe.com\/wp-content\/uploads\/2025\/07\/May-Day-targets-map-400x530.jpg 400w, https:\/\/wbowe.com\/wp-content\/uploads\/2025\/07\/May-Day-targets-map-600x795.jpg 600w, https:\/\/wbowe.com\/wp-content\/uploads\/2025\/07\/May-Day-targets-map-768x1018.jpg 768w, https:\/\/wbowe.com\/wp-content\/uploads\/2025\/07\/May-Day-targets-map-773x1024.jpg 773w, https:\/\/wbowe.com\/wp-content\/uploads\/2025\/07\/May-Day-targets-map-800x1060.jpg 800w, https:\/\/wbowe.com\/wp-content\/uploads\/2025\/07\/May-Day-targets-map-1159x1536.jpg 1159w, https:\/\/wbowe.com\/wp-content\/uploads\/2025\/07\/May-Day-targets-map-1200x1590.jpg 1200w, https:\/\/wbowe.com\/wp-content\/uploads\/2025\/07\/May-Day-targets-map.jpg 1428w\" sizes=\"(max-width: 226px) 100vw, 226px\" \/><\/p>\n<p>J&rsquo;ai trouv\u00e9 \u00e7a bizarre. Bien que je sois fatigu\u00e9e, je n&rsquo;\u00e9tais pas du tout boulevers\u00e9e \u00e9motionnellement. Je n&rsquo;y ai plus pens\u00e9 jusqu&rsquo;au lendemain. C&rsquo;est alors que j&rsquo;ai appris que l&rsquo;un des soldats pr\u00e9sents dans la cour du Pentagone avait d\u00e9clench\u00e9 par accident une bombe lacrymog\u00e8ne. Je venais juste de sentir l&rsquo;odeur du gaz \u00e0 la fin de sa pr\u00e9sence dans la cour. Encore une fois, les mots de Pogo me viennent \u00e0 l&rsquo;esprit.<\/p>\n<p>J&rsquo;ai eu une agr\u00e9able surprise lorsque j&rsquo;ai quitt\u00e9 l&rsquo;arm\u00e9e en mai 1971. On m&rsquo;a d\u00e9cern\u00e9 la m\u00e9daille pr\u00e9sidentielle du service m\u00e9ritoire pour \u00ab\u00a0mes contributions extr\u00eamement pr\u00e9cieuses aux \u00e9tudes de contre-espionnage et aux r\u00e9unions d&rsquo;information concernant une grande vari\u00e9t\u00e9 de menaces pour la s\u00e9curit\u00e9 de l&rsquo;arm\u00e9e am\u00e9ricaine\u00a0\u00bb. <\/p>\n<p>Les anciens combattants qui ont servi dans l&rsquo;arm\u00e9e pendant les ann\u00e9es de la guerre du Vi\u00eat Nam ont souvent \u00e9t\u00e9 victimes d&rsquo;un manque de respect lorsqu&rsquo;ils sont retourn\u00e9s \u00e0 la vie civile. Je ne me souviens pas d&rsquo;avoir \u00e9t\u00e9 victime de ce genre d&rsquo;agissements, mais je sais que beaucoup d&rsquo;autres l&rsquo;ont \u00e9t\u00e9. <\/p>\n<\/div><div style=\"text-align:right;\"><a class=\"fusion-button button-flat button-small button-custom fusion-button-default button-2 fusion-button-default-span fusion-button-default-type\" style=\"--button_accent_color:#ffffff;--button_accent_hover_color:#105378;--button_border_hover_color:#ffffff;--button_gradient_top_color:#105378;--button_gradient_bottom_color:#105378;--button_gradient_top_color_hover:rgba(255,255,255,0.55);--button_gradient_bottom_color_hover:rgba(255,255,255,0.55);\" target=\"_self\" href=\"https:\/\/wbowe.com\/2025\/07\/29\/1974-congressional-hearings-on-military-surveillance\/\"><span class=\"fusion-button-text awb-button__text awb-button__text--default\">Suivant<\/span><i class=\"fa-angle-double-right fas awb-button__icon awb-button__icon--default button-icon-right\" aria-hidden=\"true\"><\/i><\/a><\/div><div class=\"fusion-separator fusion-full-width-sep\" style=\"align-self: center;margin-left: auto;margin-right: auto;margin-top:40px;margin-bottom:40px;width:100%;max-width:100%;\"><div class=\"fusion-separator-border sep-double sep-dotted\" style=\"--awb-height:20px;--awb-amount:20px;--awb-sep-color:#005b8c;border-color:#005b8c;border-top-width:1px;border-bottom-width:1px;\"><\/div><\/div><\/div><\/div><\/div><\/div><\/p>\n","protected":false},"excerpt":{"rendered":"","protected":false},"author":2,"featured_media":21819,"comment_status":"closed","ping_status":"closed","sticky":false,"template":"","format":"standard","meta":{"_acf_changed":false,"footnotes":""},"categories":[1154,1150],"tags":[],"class_list":["post-32949","post","type-post","status-publish","format-standard","has-post-thumbnail","hentry","category-1-emeutes-et-fusees-army-days","category-riots-and-rockets-menu-principal-navigation"],"acf":[],"yoast_head":"<!-- This site is optimized with the Yoast SEO plugin v27.5 - https:\/\/yoast.com\/product\/yoast-seo-wordpress\/ -->\n<title>La crise de l&#039;emploi - Les manifestations de 1971 &quot;Stop au gouvernement&quot;. - William J. Bowe<\/title>\n<meta name=\"robots\" content=\"index, follow, max-snippet:-1, max-image-preview:large, max-video-preview:-1\" \/>\n<link rel=\"canonical\" href=\"https:\/\/wbowe.com\/fr\/2025\/07\/29\/la-crise-de-lemploi-les-manifestations-de-1971-stop-au-gouvernement\/\" \/>\n<meta property=\"og:locale\" content=\"fr_FR\" \/>\n<meta property=\"og:type\" content=\"article\" \/>\n<meta property=\"og:title\" content=\"La crise de l&#039;emploi - Les manifestations de 1971 &quot;Stop au gouvernement&quot;. - William J. Bowe\" \/>\n<meta property=\"og:url\" content=\"https:\/\/wbowe.com\/fr\/2025\/07\/29\/la-crise-de-lemploi-les-manifestations-de-1971-stop-au-gouvernement\/\" \/>\n<meta property=\"og:site_name\" content=\"William J. Bowe\" \/>\n<meta property=\"article:published_time\" content=\"2025-07-29T17:13:37+00:00\" \/>\n<meta property=\"article:modified_time\" content=\"2026-02-09T19:05:20+00:00\" \/>\n<meta property=\"og:image\" content=\"https:\/\/wbowe.com\/wp-content\/uploads\/2022\/03\/M-Helicopter-copy.jpg\" \/>\n\t<meta property=\"og:image:width\" content=\"634\" \/>\n\t<meta property=\"og:image:height\" content=\"459\" \/>\n\t<meta property=\"og:image:type\" content=\"image\/jpeg\" \/>\n<meta name=\"author\" content=\"Bill Bowe\" \/>\n<meta name=\"twitter:card\" content=\"summary_large_image\" \/>\n<meta name=\"twitter:label1\" content=\"\u00c9crit par\" \/>\n\t<meta name=\"twitter:data1\" content=\"Bill Bowe\" \/>\n\t<meta name=\"twitter:label2\" content=\"Dur\u00e9e de lecture estim\u00e9e\" \/>\n\t<meta name=\"twitter:data2\" content=\"23 minutes\" \/>\n<script type=\"application\/ld+json\" class=\"yoast-schema-graph\">{\"@context\":\"https:\\\/\\\/schema.org\",\"@graph\":[{\"@type\":\"Article\",\"@id\":\"https:\\\/\\\/wbowe.com\\\/fr\\\/2025\\\/07\\\/29\\\/la-crise-de-lemploi-les-manifestations-de-1971-stop-au-gouvernement\\\/#article\",\"isPartOf\":{\"@id\":\"https:\\\/\\\/wbowe.com\\\/fr\\\/2025\\\/07\\\/29\\\/la-crise-de-lemploi-les-manifestations-de-1971-stop-au-gouvernement\\\/\"},\"author\":{\"name\":\"Bill Bowe\",\"@id\":\"https:\\\/\\\/wbowe.com\\\/#\\\/schema\\\/person\\\/430b2a94ae8e4f3174a007a1dac83514\"},\"headline\":\"La crise de l&#8217;emploi &#8211; Les manifestations de 1971 \u00ab\u00a0Stop au gouvernement\u00a0\u00bb.\",\"datePublished\":\"2025-07-29T17:13:37+00:00\",\"dateModified\":\"2026-02-09T19:05:20+00:00\",\"mainEntityOfPage\":{\"@id\":\"https:\\\/\\\/wbowe.com\\\/fr\\\/2025\\\/07\\\/29\\\/la-crise-de-lemploi-les-manifestations-de-1971-stop-au-gouvernement\\\/\"},\"wordCount\":4747,\"image\":{\"@id\":\"https:\\\/\\\/wbowe.com\\\/fr\\\/2025\\\/07\\\/29\\\/la-crise-de-lemploi-les-manifestations-de-1971-stop-au-gouvernement\\\/#primaryimage\"},\"thumbnailUrl\":\"https:\\\/\\\/wbowe.com\\\/wp-content\\\/uploads\\\/2022\\\/03\\\/M-Helicopter-copy.jpg\",\"articleSection\":[\"1 \u00c9meutes et fus\u00e9es Army Days\",\"Riots and Rockets Menu principal Navigation\"],\"inLanguage\":\"fr-FR\"},{\"@type\":\"WebPage\",\"@id\":\"https:\\\/\\\/wbowe.com\\\/fr\\\/2025\\\/07\\\/29\\\/la-crise-de-lemploi-les-manifestations-de-1971-stop-au-gouvernement\\\/\",\"url\":\"https:\\\/\\\/wbowe.com\\\/fr\\\/2025\\\/07\\\/29\\\/la-crise-de-lemploi-les-manifestations-de-1971-stop-au-gouvernement\\\/\",\"name\":\"La crise de l'emploi - Les manifestations de 1971 \\\"Stop au gouvernement\\\". - William J. Bowe\",\"isPartOf\":{\"@id\":\"https:\\\/\\\/wbowe.com\\\/#website\"},\"primaryImageOfPage\":{\"@id\":\"https:\\\/\\\/wbowe.com\\\/fr\\\/2025\\\/07\\\/29\\\/la-crise-de-lemploi-les-manifestations-de-1971-stop-au-gouvernement\\\/#primaryimage\"},\"image\":{\"@id\":\"https:\\\/\\\/wbowe.com\\\/fr\\\/2025\\\/07\\\/29\\\/la-crise-de-lemploi-les-manifestations-de-1971-stop-au-gouvernement\\\/#primaryimage\"},\"thumbnailUrl\":\"https:\\\/\\\/wbowe.com\\\/wp-content\\\/uploads\\\/2022\\\/03\\\/M-Helicopter-copy.jpg\",\"datePublished\":\"2025-07-29T17:13:37+00:00\",\"dateModified\":\"2026-02-09T19:05:20+00:00\",\"author\":{\"@id\":\"https:\\\/\\\/wbowe.com\\\/#\\\/schema\\\/person\\\/430b2a94ae8e4f3174a007a1dac83514\"},\"breadcrumb\":{\"@id\":\"https:\\\/\\\/wbowe.com\\\/fr\\\/2025\\\/07\\\/29\\\/la-crise-de-lemploi-les-manifestations-de-1971-stop-au-gouvernement\\\/#breadcrumb\"},\"inLanguage\":\"fr-FR\",\"potentialAction\":[{\"@type\":\"ReadAction\",\"target\":[\"https:\\\/\\\/wbowe.com\\\/fr\\\/2025\\\/07\\\/29\\\/la-crise-de-lemploi-les-manifestations-de-1971-stop-au-gouvernement\\\/\"]}]},{\"@type\":\"ImageObject\",\"inLanguage\":\"fr-FR\",\"@id\":\"https:\\\/\\\/wbowe.com\\\/fr\\\/2025\\\/07\\\/29\\\/la-crise-de-lemploi-les-manifestations-de-1971-stop-au-gouvernement\\\/#primaryimage\",\"url\":\"https:\\\/\\\/wbowe.com\\\/wp-content\\\/uploads\\\/2022\\\/03\\\/M-Helicopter-copy.jpg\",\"contentUrl\":\"https:\\\/\\\/wbowe.com\\\/wp-content\\\/uploads\\\/2022\\\/03\\\/M-Helicopter-copy.jpg\",\"width\":634,\"height\":459,\"caption\":\"1971 Un h\u00e9licopt\u00e8re d\u00e9pose des troupes au Washington Monument lors de la manifestation anti-guerre \\\"Stop the Government\\\".\"},{\"@type\":\"BreadcrumbList\",\"@id\":\"https:\\\/\\\/wbowe.com\\\/fr\\\/2025\\\/07\\\/29\\\/la-crise-de-lemploi-les-manifestations-de-1971-stop-au-gouvernement\\\/#breadcrumb\",\"itemListElement\":[{\"@type\":\"ListItem\",\"position\":1,\"name\":\"Home\",\"item\":\"https:\\\/\\\/wbowe.com\\\/fr\\\/\"},{\"@type\":\"ListItem\",\"position\":2,\"name\":\"La crise de l&#8217;emploi &#8211; Les manifestations de 1971 \u00ab\u00a0Stop au gouvernement\u00a0\u00bb.\"}]},{\"@type\":\"WebSite\",\"@id\":\"https:\\\/\\\/wbowe.com\\\/#website\",\"url\":\"https:\\\/\\\/wbowe.com\\\/\",\"name\":\"William J. Bowe\",\"description\":\"William J. Bowe\",\"potentialAction\":[{\"@type\":\"SearchAction\",\"target\":{\"@type\":\"EntryPoint\",\"urlTemplate\":\"https:\\\/\\\/wbowe.com\\\/?s={search_term_string}\"},\"query-input\":{\"@type\":\"PropertyValueSpecification\",\"valueRequired\":true,\"valueName\":\"search_term_string\"}}],\"inLanguage\":\"fr-FR\"},{\"@type\":\"Person\",\"@id\":\"https:\\\/\\\/wbowe.com\\\/#\\\/schema\\\/person\\\/430b2a94ae8e4f3174a007a1dac83514\",\"name\":\"Bill Bowe\",\"image\":{\"@type\":\"ImageObject\",\"inLanguage\":\"fr-FR\",\"@id\":\"https:\\\/\\\/secure.gravatar.com\\\/avatar\\\/fb17d02aa5d7000b95f934027a525a252e51ec4235373c4fb216f5a3e20d5545?s=96&d=mm&r=g\",\"url\":\"https:\\\/\\\/secure.gravatar.com\\\/avatar\\\/fb17d02aa5d7000b95f934027a525a252e51ec4235373c4fb216f5a3e20d5545?s=96&d=mm&r=g\",\"contentUrl\":\"https:\\\/\\\/secure.gravatar.com\\\/avatar\\\/fb17d02aa5d7000b95f934027a525a252e51ec4235373c4fb216f5a3e20d5545?s=96&d=mm&r=g\",\"caption\":\"Bill Bowe\"},\"url\":\"https:\\\/\\\/wbowe.com\\\/fr\\\/author\\\/wbowe\\\/\"}]}<\/script>\n<!-- \/ Yoast SEO plugin. -->","yoast_head_json":{"title":"La crise de l'emploi - Les manifestations de 1971 \"Stop au gouvernement\". - William J. Bowe","robots":{"index":"index","follow":"follow","max-snippet":"max-snippet:-1","max-image-preview":"max-image-preview:large","max-video-preview":"max-video-preview:-1"},"canonical":"https:\/\/wbowe.com\/fr\/2025\/07\/29\/la-crise-de-lemploi-les-manifestations-de-1971-stop-au-gouvernement\/","og_locale":"fr_FR","og_type":"article","og_title":"La crise de l'emploi - Les manifestations de 1971 \"Stop au gouvernement\". - William J. Bowe","og_url":"https:\/\/wbowe.com\/fr\/2025\/07\/29\/la-crise-de-lemploi-les-manifestations-de-1971-stop-au-gouvernement\/","og_site_name":"William J. Bowe","article_published_time":"2025-07-29T17:13:37+00:00","article_modified_time":"2026-02-09T19:05:20+00:00","og_image":[{"width":634,"height":459,"url":"https:\/\/wbowe.com\/wp-content\/uploads\/2022\/03\/M-Helicopter-copy.jpg","type":"image\/jpeg"}],"author":"Bill Bowe","twitter_card":"summary_large_image","twitter_misc":{"\u00c9crit par":"Bill Bowe","Dur\u00e9e de lecture estim\u00e9e":"23 minutes"},"schema":{"@context":"https:\/\/schema.org","@graph":[{"@type":"Article","@id":"https:\/\/wbowe.com\/fr\/2025\/07\/29\/la-crise-de-lemploi-les-manifestations-de-1971-stop-au-gouvernement\/#article","isPartOf":{"@id":"https:\/\/wbowe.com\/fr\/2025\/07\/29\/la-crise-de-lemploi-les-manifestations-de-1971-stop-au-gouvernement\/"},"author":{"name":"Bill Bowe","@id":"https:\/\/wbowe.com\/#\/schema\/person\/430b2a94ae8e4f3174a007a1dac83514"},"headline":"La crise de l&#8217;emploi &#8211; Les manifestations de 1971 \u00ab\u00a0Stop au gouvernement\u00a0\u00bb.","datePublished":"2025-07-29T17:13:37+00:00","dateModified":"2026-02-09T19:05:20+00:00","mainEntityOfPage":{"@id":"https:\/\/wbowe.com\/fr\/2025\/07\/29\/la-crise-de-lemploi-les-manifestations-de-1971-stop-au-gouvernement\/"},"wordCount":4747,"image":{"@id":"https:\/\/wbowe.com\/fr\/2025\/07\/29\/la-crise-de-lemploi-les-manifestations-de-1971-stop-au-gouvernement\/#primaryimage"},"thumbnailUrl":"https:\/\/wbowe.com\/wp-content\/uploads\/2022\/03\/M-Helicopter-copy.jpg","articleSection":["1 \u00c9meutes et fus\u00e9es Army Days","Riots and Rockets Menu principal Navigation"],"inLanguage":"fr-FR"},{"@type":"WebPage","@id":"https:\/\/wbowe.com\/fr\/2025\/07\/29\/la-crise-de-lemploi-les-manifestations-de-1971-stop-au-gouvernement\/","url":"https:\/\/wbowe.com\/fr\/2025\/07\/29\/la-crise-de-lemploi-les-manifestations-de-1971-stop-au-gouvernement\/","name":"La crise de l'emploi - Les manifestations de 1971 \"Stop au gouvernement\". - William J. Bowe","isPartOf":{"@id":"https:\/\/wbowe.com\/#website"},"primaryImageOfPage":{"@id":"https:\/\/wbowe.com\/fr\/2025\/07\/29\/la-crise-de-lemploi-les-manifestations-de-1971-stop-au-gouvernement\/#primaryimage"},"image":{"@id":"https:\/\/wbowe.com\/fr\/2025\/07\/29\/la-crise-de-lemploi-les-manifestations-de-1971-stop-au-gouvernement\/#primaryimage"},"thumbnailUrl":"https:\/\/wbowe.com\/wp-content\/uploads\/2022\/03\/M-Helicopter-copy.jpg","datePublished":"2025-07-29T17:13:37+00:00","dateModified":"2026-02-09T19:05:20+00:00","author":{"@id":"https:\/\/wbowe.com\/#\/schema\/person\/430b2a94ae8e4f3174a007a1dac83514"},"breadcrumb":{"@id":"https:\/\/wbowe.com\/fr\/2025\/07\/29\/la-crise-de-lemploi-les-manifestations-de-1971-stop-au-gouvernement\/#breadcrumb"},"inLanguage":"fr-FR","potentialAction":[{"@type":"ReadAction","target":["https:\/\/wbowe.com\/fr\/2025\/07\/29\/la-crise-de-lemploi-les-manifestations-de-1971-stop-au-gouvernement\/"]}]},{"@type":"ImageObject","inLanguage":"fr-FR","@id":"https:\/\/wbowe.com\/fr\/2025\/07\/29\/la-crise-de-lemploi-les-manifestations-de-1971-stop-au-gouvernement\/#primaryimage","url":"https:\/\/wbowe.com\/wp-content\/uploads\/2022\/03\/M-Helicopter-copy.jpg","contentUrl":"https:\/\/wbowe.com\/wp-content\/uploads\/2022\/03\/M-Helicopter-copy.jpg","width":634,"height":459,"caption":"1971 Un h\u00e9licopt\u00e8re d\u00e9pose des troupes au Washington Monument lors de la manifestation anti-guerre \"Stop the Government\"."},{"@type":"BreadcrumbList","@id":"https:\/\/wbowe.com\/fr\/2025\/07\/29\/la-crise-de-lemploi-les-manifestations-de-1971-stop-au-gouvernement\/#breadcrumb","itemListElement":[{"@type":"ListItem","position":1,"name":"Home","item":"https:\/\/wbowe.com\/fr\/"},{"@type":"ListItem","position":2,"name":"La crise de l&#8217;emploi &#8211; Les manifestations de 1971 \u00ab\u00a0Stop au gouvernement\u00a0\u00bb."}]},{"@type":"WebSite","@id":"https:\/\/wbowe.com\/#website","url":"https:\/\/wbowe.com\/","name":"William J. Bowe","description":"William J. Bowe","potentialAction":[{"@type":"SearchAction","target":{"@type":"EntryPoint","urlTemplate":"https:\/\/wbowe.com\/?s={search_term_string}"},"query-input":{"@type":"PropertyValueSpecification","valueRequired":true,"valueName":"search_term_string"}}],"inLanguage":"fr-FR"},{"@type":"Person","@id":"https:\/\/wbowe.com\/#\/schema\/person\/430b2a94ae8e4f3174a007a1dac83514","name":"Bill Bowe","image":{"@type":"ImageObject","inLanguage":"fr-FR","@id":"https:\/\/secure.gravatar.com\/avatar\/fb17d02aa5d7000b95f934027a525a252e51ec4235373c4fb216f5a3e20d5545?s=96&d=mm&r=g","url":"https:\/\/secure.gravatar.com\/avatar\/fb17d02aa5d7000b95f934027a525a252e51ec4235373c4fb216f5a3e20d5545?s=96&d=mm&r=g","contentUrl":"https:\/\/secure.gravatar.com\/avatar\/fb17d02aa5d7000b95f934027a525a252e51ec4235373c4fb216f5a3e20d5545?s=96&d=mm&r=g","caption":"Bill Bowe"},"url":"https:\/\/wbowe.com\/fr\/author\/wbowe\/"}]}},"_links":{"self":[{"href":"https:\/\/wbowe.com\/fr\/wp-json\/wp\/v2\/posts\/32949","targetHints":{"allow":["GET"]}}],"collection":[{"href":"https:\/\/wbowe.com\/fr\/wp-json\/wp\/v2\/posts"}],"about":[{"href":"https:\/\/wbowe.com\/fr\/wp-json\/wp\/v2\/types\/post"}],"author":[{"embeddable":true,"href":"https:\/\/wbowe.com\/fr\/wp-json\/wp\/v2\/users\/2"}],"replies":[{"embeddable":true,"href":"https:\/\/wbowe.com\/fr\/wp-json\/wp\/v2\/comments?post=32949"}],"version-history":[{"count":0,"href":"https:\/\/wbowe.com\/fr\/wp-json\/wp\/v2\/posts\/32949\/revisions"}],"wp:featuredmedia":[{"embeddable":true,"href":"https:\/\/wbowe.com\/fr\/wp-json\/wp\/v2\/media\/21819"}],"wp:attachment":[{"href":"https:\/\/wbowe.com\/fr\/wp-json\/wp\/v2\/media?parent=32949"}],"wp:term":[{"taxonomy":"category","embeddable":true,"href":"https:\/\/wbowe.com\/fr\/wp-json\/wp\/v2\/categories?post=32949"},{"taxonomy":"post_tag","embeddable":true,"href":"https:\/\/wbowe.com\/fr\/wp-json\/wp\/v2\/tags?post=32949"}],"curies":[{"name":"wp","href":"https:\/\/api.w.org\/{rel}","templated":true}]}}